{"id":1884,"date":"2025-03-13T11:15:13","date_gmt":"2025-03-13T10:15:13","guid":{"rendered":"http:\/\/garein.fr\/?p=1884"},"modified":"2025-03-13T11:16:01","modified_gmt":"2025-03-13T10:16:01","slug":"service-public-de-la-petite-enfance-dans-les-landes","status":"publish","type":"post","link":"http:\/\/garein.fr\/?p=1884","title":{"rendered":"Service public de la petite enfance dans les Landes."},"content":{"rendered":"\n<h3>Le portail  de la petite enfance, con\u00e7u par les Caf et la Cnaf,<\/h3>\n\n\n\n<p>propose un accompagnement de qualit\u00e9 aux parents et aux professionnels de la petite enfance, de la jeunesse et de la parentalit\u00e9. Son objectif premier est d\u2019offrir un acc\u00e8s gratuit et adapt\u00e9 aux informations et services en ligne existants dans ce domaine. Dans ce portail national sont r\u00e9f\u00e9renc\u00e9s la quasi-totalit\u00e9 des structures d\u2019accueil destin\u00e9es aux jeunes enfants (cr\u00e8che, accueil de loisirs, etc.), des services existants pour informer et accompagner les parents de jeunes enfants (lieu d\u2019accueil parents-enfants, relais d\u2019assistants maternels, service de m\u00e9diation familiale\u2026) mais \u00e9galement des assistants maternels actuellement en activit\u00e9. Acc\u00e9dez au site en suivant ce lien : <strong><a href=\"https:\/\/monenfant.fr\/je-suis-un-parent\">monenfant.fr<\/a><\/strong><\/p>\n\n\n\n<h3>La page petite enfance du d\u00e9partement des Landes<\/h3>\n\n\n\n<p>L\u2019action du Conseil d\u00e9partemental&nbsp;en direction des jeunes landaises et landais, de leur naissance jusqu\u2019\u00e0 leur prise d\u2019autonomie, porte essentiellement sur 3 axes : <br>\u25ba&nbsp;la pr\u00e9vention sociale et m\u00e9dico-sociale<br>\u25ba&nbsp;l\u2019accompagnement en mati\u00e8re d\u2019accueil de la petite enfance<br>\u25ba&nbsp;la protection des enfants en danger ou en risque de l\u2019\u00eatre.<\/p>\n\n\n\n<p>Acc\u00e9dez au site en suivant ce lien : <a href=\"https:\/\/www.landes.fr\/enfance-famille\">enfance-famille<\/a><\/p>\n","protected":false},"excerpt":{"rendered":"<p>Le portail de la petite enfance, con\u00e7u par les Caf et la Cnaf, propose un accompagnement de qualit\u00e9 aux parents et aux professionnels de la petite enfance, de la jeunesse et de la parentalit\u00e9. Son objectif premier est d\u2019offrir un acc\u00e8s gratuit et adapt\u00e9 aux informations et services en ligne existants dans ce domaine. Dans <a class=\"read-more\" href=\"http:\/\/garein.fr\/?p=1884\">&#8230; En savoir plus &#8230;<\/a><\/p>\n","protected":false},"author":3,"featured_media":0,"comment_status":"closed","ping_status":"open","sticky":false,"template":"","format":"standard","meta":[],"categories":[1],"tags":[],"_links":{"self":[{"href":"http:\/\/garein.fr\/index.php?rest_route=\/wp\/v2\/posts\/1884"}],"collection":[{"href":"http:\/\/garein.fr\/index.php?rest_route=\/wp\/v2\/posts"}],"about":[{"href":"http:\/\/garein.fr\/index.php?rest_route=\/wp\/v2\/types\/post"}],"author":[{"embeddable":true,"href":"http:\/\/garein.fr\/index.php?rest_route=\/wp\/v2\/users\/3"}],"replies":[{"embeddable":true,"href":"http:\/\/garein.fr\/index.php?rest_route=%2Fwp%2Fv2%2Fcomments&post=1884"}],"version-history":[{"count":2,"href":"http:\/\/garein.fr\/index.php?rest_route=\/wp\/v2\/posts\/1884\/revisions"}],"predecessor-version":[{"id":1886,"href":"http:\/\/garein.fr\/index.php?rest_route=\/wp\/v2\/posts\/1884\/revisions\/1886"}],"wp:attachment":[{"href":"http:\/\/garein.fr\/index.php?rest_route=%2Fwp%2Fv2%2Fmedia&parent=1884"}],"wp:term":[{"taxonomy":"category","embeddable":true,"href":"http:\/\/garein.fr\/index.php?rest_route=%2Fwp%2Fv2%2Fcategories&post=1884"},{"taxonomy":"post_tag","embeddable":true,"href":"http:\/\/garein.fr\/index.php?rest_route=%2Fwp%2Fv2%2Ftags&post=1884"}],"curies":[{"name":"wp","href":"https:\/\/api.w.org\/{rel}","templated":true}]}}