{"id":1864,"date":"2025-03-07T10:49:54","date_gmt":"2025-03-07T09:49:54","guid":{"rendered":"http:\/\/garein.fr\/?p=1864"},"modified":"2025-03-07T10:56:57","modified_gmt":"2025-03-07T09:56:57","slug":"plan-local-durbanisme-intercommunal","status":"publish","type":"post","link":"http:\/\/garein.fr\/?p=1864","title":{"rendered":"Plan Local d&#8217;Urbanisme intercommunal"},"content":{"rendered":"\n<p>Le Plan Local d&#8217;Urbanisme intercommunal valant programme de l&#8217;habitat (PLUi-H) de la Communaut\u00e9 de communes a \u00e9t\u00e9 approuv\u00e9 par d\u00e9lib\u00e9ration du Conseil communautaire en date du 28 novembre 2024.<\/p>\n\n\n\n<ul><li>Connaissez-vous les r\u00e8gles du Plan local d&#8217;urbanisme intercommunal ?<\/li><li>B\u00e9n\u00e9ficiez d&#8217;un examen rapide de votre dossier ou d&#8217;un\u00a0<strong class=\"\">ACCOMPAGNEMENT<\/strong> par le service urbanisme de la Communaut\u00e9 de communes pour compl\u00e9tude au 05 58 82 97 29<\/li><li>B\u00e9n\u00e9ficiez d&#8217;une assistance\u00a0<strong class=\"\">GRATUITE<\/strong> par un architecte conseil en prenant contact avec la Communaut\u00e9 de communes<\/li><li>Acc\u00e9dez \u00e0 l\u2019ensemble des pi\u00e8ces du PLUi-H :  <a href=\"https:\/\/cirrus.alpi40.fr\/index.php\/s\/j2fYYz7y4MSA3Gf\">https:\/\/cirrus.alpi40.fr\/index.php\/s\/j2fYYz7y4MSA3Gf<\/a><\/li><\/ul>\n\n\n\n<figure class=\"wp-block-image size-large\"><img loading=\"lazy\" width=\"645\" height=\"770\" src=\"http:\/\/garein.fr\/wp-content\/uploads\/2025\/03\/PLUi-H_articleimage-2.png\" alt=\"\" class=\"wp-image-1873\" srcset=\"http:\/\/garein.fr\/wp-content\/uploads\/2025\/03\/PLUi-H_articleimage-2.png 645w, http:\/\/garein.fr\/wp-content\/uploads\/2025\/03\/PLUi-H_articleimage-2-251x300.png 251w\" sizes=\"(max-width: 645px) 100vw, 645px\" \/><figcaption><a href=\"https:\/\/pissos.fr\/content\/download\/3992\/27164\/file\/Livret-CCCHL-Fiche01.pdf\">Livret-CCCHL-Fiche01.pdf<\/a> 199,55 kB<br><a href=\"https:\/\/pissos.fr\/content\/download\/3993\/27167\/file\/Livret-CCCHL-Fiche02.pdf\">Livret-CCCHL-Fiche02.pdf<\/a> 188,84 kB<br><a href=\"https:\/\/pissos.fr\/content\/download\/3994\/27170\/file\/Livret-CCCHL-Fiche03.pdf\">Livret-CCCHL-Fiche03.pdf<\/a> 166,55 kB<br><a href=\"https:\/\/pissos.fr\/content\/download\/3995\/27173\/file\/Livret-CCCHL-Fiche04.pdf\">Livret-CCCHL-Fiche04.pdf<\/a> 226,39 kB<br><a href=\"https:\/\/pissos.fr\/content\/download\/3996\/27176\/file\/Livret-CCCHL-Fiche05.pdf\">Livret-CCCHL-Fiche05.pdf<\/a> 166,98 kB<br><a href=\"https:\/\/pissos.fr\/content\/download\/3997\/27179\/file\/Livret-CCCHL-Fiche06.pdf\">Livret-CCCHL-Fiche06.pdf<\/a> 177,85 kB<br><a href=\"https:\/\/pissos.fr\/content\/download\/3998\/27182\/file\/Livret-CCCHL-Fiche07.pdf\">Livret-CCCHL-Fiche07.pdf<\/a> 305,66 kB<br><a href=\"https:\/\/pissos.fr\/content\/download\/3999\/27185\/file\/Livret-CCCHL-Fiche08.pdf\">Livret-CCCHL-Fiche08.pdf<\/a> 186,16 kB<br><a href=\"https:\/\/pissos.fr\/content\/download\/4000\/27188\/file\/Livret-CCCHL-Fiche09.pdf\">Livret-CCCHL-Fiche09.pdf<\/a> 179,41 kB<br><a href=\"https:\/\/pissos.fr\/content\/download\/4001\/27191\/file\/Livret-CCCHL-Fiche10.pdf\">Livret-CCCHL-Fiche10.pdf<\/a> 179,57 kB<br><a href=\"https:\/\/pissos.fr\/content\/download\/4005\/27203\/file\/Livret-CCCHL-Annexes.pdf\">Livret-CCCHL-Annexes.pdf<\/a> 132,85 kB<\/figcaption><\/figure>\n","protected":false},"excerpt":{"rendered":"<p>Le Plan Local d&#8217;Urbanisme intercommunal valant programme de l&#8217;habitat (PLUi-H) de la Communaut\u00e9 de communes a \u00e9t\u00e9 approuv\u00e9 par d\u00e9lib\u00e9ration du Conseil communautaire en date du 28 novembre 2024. Connaissez-vous les r\u00e8gles du Plan local d&#8217;urbanisme intercommunal ? B\u00e9n\u00e9ficiez d&#8217;un examen rapide de votre dossier ou d&#8217;un\u00a0ACCOMPAGNEMENT par le service urbanisme de la Communaut\u00e9 de <a class=\"read-more\" href=\"http:\/\/garein.fr\/?p=1864\">&#8230; En savoir plus &#8230;<\/a><\/p>\n","protected":false},"author":3,"featured_media":0,"comment_status":"closed","ping_status":"open","sticky":false,"template":"","format":"standard","meta":[],"categories":[1],"tags":[],"_links":{"self":[{"href":"http:\/\/garein.fr\/index.php?rest_route=\/wp\/v2\/posts\/1864"}],"collection":[{"href":"http:\/\/garein.fr\/index.php?rest_route=\/wp\/v2\/posts"}],"about":[{"href":"http:\/\/garein.fr\/index.php?rest_route=\/wp\/v2\/types\/post"}],"author":[{"embeddable":true,"href":"http:\/\/garein.fr\/index.php?rest_route=\/wp\/v2\/users\/3"}],"replies":[{"embeddable":true,"href":"http:\/\/garein.fr\/index.php?rest_route=%2Fwp%2Fv2%2Fcomments&post=1864"}],"version-history":[{"count":9,"href":"http:\/\/garein.fr\/index.php?rest_route=\/wp\/v2\/posts\/1864\/revisions"}],"predecessor-version":[{"id":1876,"href":"http:\/\/garein.fr\/index.php?rest_route=\/wp\/v2\/posts\/1864\/revisions\/1876"}],"wp:attachment":[{"href":"http:\/\/garein.fr\/index.php?rest_route=%2Fwp%2Fv2%2Fmedia&parent=1864"}],"wp:term":[{"taxonomy":"category","embeddable":true,"href":"http:\/\/garein.fr\/index.php?rest_route=%2Fwp%2Fv2%2Fcategories&post=1864"},{"taxonomy":"post_tag","embeddable":true,"href":"http:\/\/garein.fr\/index.php?rest_route=%2Fwp%2Fv2%2Ftags&post=1864"}],"curies":[{"name":"wp","href":"https:\/\/api.w.org\/{rel}","templated":true}]}}