{"id":1861,"date":"2024-10-16T16:16:18","date_gmt":"2024-10-16T14:16:18","guid":{"rendered":"http:\/\/garein.fr\/?p=1861"},"modified":"2024-10-16T16:26:28","modified_gmt":"2024-10-16T14:26:28","slug":"visite-du-quartier-de-la-scierie-19-octobre-a-15h","status":"publish","type":"post","link":"http:\/\/garein.fr\/?p=1861","title":{"rendered":"Visite du quartier de la scierie &#8211; 19 octobre \u00e0 15h"},"content":{"rendered":"\n<p><strong>Dans le cadre des Journ\u00e9es de l&#8217;Architecture propos\u00e9es par le Minist\u00e8re de la Culture, la commune de Garein vous convie \u00e0 une Balade Architecturale,\u00a0<\/strong>\u00a0<br>Comment tirer parti de son patrimoine architectural et paysager ?Comment donner une seconde vie \u00e0 une friche industrielle ?  Pour quelles destinations ?Comment valoriser des \u00e9l\u00e9ments identitaires du patrimoine industriel ?\u00a0<\/p>\n\n\n\n<p><br><strong>Rendez-vous le 19 octobre \u00e0 15h, Place des Platanes devant la salle des f\u00eates de Garein.\u00a0<\/strong>\u00a0<\/p>\n\n\n\n<p>Une balade \u00e0 pied est propos\u00e9e en c\u0153ur de village (moins d&#8217;1Km).Accompagn\u00e9s d&#8217;architectes, les visiteurs pourront d\u00e9couvrir les principales caract\u00e9ristiques du patrimoine architectural et paysager du village : maisons \u00e0 pans de bois, maisons bourgeoises, les granges et annexes, les \u00e9quipements et espaces publics, les maisons et \u00e9difices de l&#8217;entre-deux guerres, les villas du 20\u00e8me, un airial, les petits \u00e9dicules&#8230;\u00a0<strong>Cette balade en c\u0153ur de village, permettra d&#8217;appr\u00e9hender les sources architecturales et les r\u00e9f\u00e9rences paysag\u00e8res qui en font son identit\u00e9.<\/strong>\u00a0<\/p>\n\n\n\n<p>La fin du parcours conduira \u00e0 la visite de la Friche industrielle reconvertie : Trois hangars r\u00e9habilit\u00e9s accueillent aujourd&#8217;hui lap\u00e9pini\u00e8re de\u00a0<strong>coworking Pinhadeta<\/strong>\u00a0associ\u00e9e \u00e0\u00a0<strong>l\u2019agence d&#8217;architecture SLK<\/strong>, un atelier et logement d&#8217;artiste :<strong>\u00a0l&#8217;<em>Atelier de la For\u00eat<\/em><\/strong>\u00a0en partenariat avec\u00a0<strong>La For\u00eat d&#8217;Art Contemporain<\/strong>, un point sant\u00e9, prochainement une micro cr\u00e8che et un ensemble de terrains destin\u00e9s \u00e0 plusieurs formes d&#8217;habitat.\u00a0Dans cette ancienne friche industrielle, la visite des b\u00e2timents reconvertis donnera \u00e0 voir le parti-pris architectural de ce projet, mettant en avant, autant les nouvelles fonctionnalit\u00e9s que la pr\u00e9servation du patrimoine architectural. Plusieurs architectes Landais seront l\u00e0 pour pr\u00e9senter les projets et r\u00e9alisations illustrant leurs pratiques en mati\u00e8re de reconversion architecturale.\u00a0<\/p>\n\n\n\n<p><strong>En cl\u00f4ture, un verre de l&#8217;amiti\u00e9 sera servi en salle d&#8217;exposition, et les architectes pr\u00e9sents r\u00e9pondront \u00e0 toutes questions.<\/strong><\/p>\n\n\n\n<figure class=\"wp-block-table\"><table><tbody><tr><td><\/td><\/tr><tr><td>&nbsp;<\/td><\/tr><tr><td><\/td><\/tr><\/tbody><\/table><\/figure>\n","protected":false},"excerpt":{"rendered":"<p>Dans le cadre des Journ\u00e9es de l&#8217;Architecture propos\u00e9es par le Minist\u00e8re de la Culture, la commune de Garein vous convie \u00e0 une Balade Architecturale,\u00a0\u00a0Comment tirer parti de son patrimoine architectural et paysager ?Comment donner une seconde vie \u00e0 une friche industrielle ? Pour quelles destinations ?Comment valoriser des \u00e9l\u00e9ments identitaires du patrimoine industriel ?\u00a0 Rendez-vous <a class=\"read-more\" href=\"http:\/\/garein.fr\/?p=1861\">&#8230; En savoir plus &#8230;<\/a><\/p>\n","protected":false},"author":3,"featured_media":0,"comment_status":"closed","ping_status":"open","sticky":false,"template":"","format":"standard","meta":[],"categories":[1],"tags":[],"_links":{"self":[{"href":"http:\/\/garein.fr\/index.php?rest_route=\/wp\/v2\/posts\/1861"}],"collection":[{"href":"http:\/\/garein.fr\/index.php?rest_route=\/wp\/v2\/posts"}],"about":[{"href":"http:\/\/garein.fr\/index.php?rest_route=\/wp\/v2\/types\/post"}],"author":[{"embeddable":true,"href":"http:\/\/garein.fr\/index.php?rest_route=\/wp\/v2\/users\/3"}],"replies":[{"embeddable":true,"href":"http:\/\/garein.fr\/index.php?rest_route=%2Fwp%2Fv2%2Fcomments&post=1861"}],"version-history":[{"count":1,"href":"http:\/\/garein.fr\/index.php?rest_route=\/wp\/v2\/posts\/1861\/revisions"}],"predecessor-version":[{"id":1862,"href":"http:\/\/garein.fr\/index.php?rest_route=\/wp\/v2\/posts\/1861\/revisions\/1862"}],"wp:attachment":[{"href":"http:\/\/garein.fr\/index.php?rest_route=%2Fwp%2Fv2%2Fmedia&parent=1861"}],"wp:term":[{"taxonomy":"category","embeddable":true,"href":"http:\/\/garein.fr\/index.php?rest_route=%2Fwp%2Fv2%2Fcategories&post=1861"},{"taxonomy":"post_tag","embeddable":true,"href":"http:\/\/garein.fr\/index.php?rest_route=%2Fwp%2Fv2%2Ftags&post=1861"}],"curies":[{"name":"wp","href":"https:\/\/api.w.org\/{rel}","templated":true}]}}