{"id":1695,"date":"2022-03-09T17:33:57","date_gmt":"2022-03-09T16:33:57","guid":{"rendered":"http:\/\/garein.fr\/?p=1695"},"modified":"2022-04-25T17:54:46","modified_gmt":"2022-04-25T15:54:46","slug":"consultation-de-la-population-document-detape","status":"publish","type":"post","link":"http:\/\/garein.fr\/?p=1695","title":{"rendered":"Consultation de la population &#8211; document d&#8217;\u00e9tape"},"content":{"rendered":"\n<p>Nous y sommes, l&#8217;accompagnement de <strong>l\u2019\u00e9quipe D\u00e9t\u00e9a<\/strong> est arriv\u00e9 \u00e0 son terme.<\/p>\n\n\n\n<p>Les deux grands projets que forment la \u00ab&nbsp;boulangerie&nbsp;\u00bb et le \u00ab&nbsp;quartier de la scierie&#8221; ont \u00e9t\u00e9 enrichis par les id\u00e9es des participants aux diff\u00e9rents ateliers organis\u00e9s entre avril et d\u00e9cembre 2021.  Ces rendez-vous, ont permis de partager les projets concernant notamment les trois hangars du futur &#8220;Quartier de la Scierie&#8221; et d&#8217;imaginer une activit\u00e9 multi-services pour la boulangerie. Il s&#8217;agissait bien sur de connaitre  les besoins de la population Garinoise et de partager une vision commune de ces nouveaux espaces.<\/p>\n\n\n\n<p>Nous proposerons un prochain rendez-vous convivial tout d\u00e9but juin pour poursuivre les \u00e9changes, dans cet entretemps, vous pouvez consulter le document final en cliquant sur le bouton ci-dessous :<\/p>\n\n\n\n<p><br><strong><a class=\"maxbutton-6 maxbutton maxbutton-rendu-final-consultation-detea\" target=\"_blank\" title=\"Rendu Final Consultation Detea\" rel=\"noopener\" href=\"http:\/\/garein.fr\/wp-content\/uploads\/2022\/03\/Rendu-final-Garein-DTA-02.2022-light.pdf\"><span class='mb-text'>Rendu Final Consultation D\u00e9t\u00e9a<\/span><\/a><\/strong><\/p>\n\n\n\n<p>Nous vous souhaitons une bonne lecture, en attendant que vive pleinement toutes ces belles id\u00e9es.<\/p>\n\n\n\n<p><\/p>\n","protected":false},"excerpt":{"rendered":"<p>Nous y sommes, l&#8217;accompagnement de l\u2019\u00e9quipe D\u00e9t\u00e9a est arriv\u00e9 \u00e0 son terme. Les deux grands projets que forment la \u00ab&nbsp;boulangerie&nbsp;\u00bb et le \u00ab&nbsp;quartier de la scierie&#8221; ont \u00e9t\u00e9 enrichis par les id\u00e9es des participants aux diff\u00e9rents ateliers organis\u00e9s entre avril et d\u00e9cembre 2021. Ces rendez-vous, ont permis de partager les projets concernant notamment les trois <a class=\"read-more\" href=\"http:\/\/garein.fr\/?p=1695\">&#8230; En savoir plus &#8230;<\/a><\/p>\n","protected":false},"author":3,"featured_media":1698,"comment_status":"closed","ping_status":"open","sticky":false,"template":"","format":"standard","meta":[],"categories":[1],"tags":[],"_links":{"self":[{"href":"http:\/\/garein.fr\/index.php?rest_route=\/wp\/v2\/posts\/1695"}],"collection":[{"href":"http:\/\/garein.fr\/index.php?rest_route=\/wp\/v2\/posts"}],"about":[{"href":"http:\/\/garein.fr\/index.php?rest_route=\/wp\/v2\/types\/post"}],"author":[{"embeddable":true,"href":"http:\/\/garein.fr\/index.php?rest_route=\/wp\/v2\/users\/3"}],"replies":[{"embeddable":true,"href":"http:\/\/garein.fr\/index.php?rest_route=%2Fwp%2Fv2%2Fcomments&post=1695"}],"version-history":[{"count":8,"href":"http:\/\/garein.fr\/index.php?rest_route=\/wp\/v2\/posts\/1695\/revisions"}],"predecessor-version":[{"id":1723,"href":"http:\/\/garein.fr\/index.php?rest_route=\/wp\/v2\/posts\/1695\/revisions\/1723"}],"wp:featuredmedia":[{"embeddable":true,"href":"http:\/\/garein.fr\/index.php?rest_route=\/wp\/v2\/media\/1698"}],"wp:attachment":[{"href":"http:\/\/garein.fr\/index.php?rest_route=%2Fwp%2Fv2%2Fmedia&parent=1695"}],"wp:term":[{"taxonomy":"category","embeddable":true,"href":"http:\/\/garein.fr\/index.php?rest_route=%2Fwp%2Fv2%2Fcategories&post=1695"},{"taxonomy":"post_tag","embeddable":true,"href":"http:\/\/garein.fr\/index.php?rest_route=%2Fwp%2Fv2%2Ftags&post=1695"}],"curies":[{"name":"wp","href":"https:\/\/api.w.org\/{rel}","templated":true}]}}