{"id":1679,"date":"2022-01-26T18:41:03","date_gmt":"2022-01-26T17:41:03","guid":{"rendered":"http:\/\/garein.fr\/?p=1679"},"modified":"2022-01-26T18:46:22","modified_gmt":"2022-01-26T17:46:22","slug":"article-de-sud-ouest-2022-annee-de-grands-travaux","status":"publish","type":"post","link":"http:\/\/garein.fr\/?p=1679","title":{"rendered":"Article de Sud Ouest &#8211; 2022, ann\u00e9e de grands travaux"},"content":{"rendered":"\n<p>Publi\u00e9 le 26 janvier dans <a href=\"http:\/\/labrit-roquefort.blogs.sudouest.fr\/communes\/\">communes<\/a>, <a href=\"http:\/\/labrit-roquefort.blogs.sudouest.fr\/travaux\/\">travaux<\/a> || Tags : <a href=\"http:\/\/labrit-roquefort.blogs.sudouest.fr\/tag\/garein\">garein<\/a><\/p>\n\n\n\n<p>\u00c0 d\u00e9faut d&#8217;intervention publique, le maire Philippe Sartre revient sur une studieuse ann\u00e9e 2021, pr\u00e9paratoire \u00e0 de grands travaux qui vont rythmer l&#8217;ann\u00e9e 2022.<\/p>\n\n\n\n<p><strong>2021<\/strong> reste pour le maire une ann\u00e9e \u00e0 projets, \u00e9labor\u00e9s en regard du Plan de relance du gouvernement : &#8220;<em>une r\u00e9flexion tous azimuts<\/em>&#8220;, fruit de la consultation participative de la population, orchestr\u00e9e par l&#8217;agence D\u00e9t\u00e9a qui &#8220;<em>aborde les probl\u00e8mes par le biais de l&#8217;usage<\/em>&#8220;. En commen\u00e7ant par le commerce de proximit\u00e9 auquel les Garinois ont montr\u00e9 leur attachement en se disant pr\u00eats \u00e0 renouer avec les formes coop\u00e9ratives du d\u00e9but du si\u00e8cle dernier (boulangeries, cercles&#8230;).<\/p>\n\n\n\n<p>Autre sujet de r\u00e9flexion, la<strong> reconversion de la friche de la scierie<\/strong>, en r\u00e9sonance avec le &#8220;recyclage du foncier&#8221; pr\u00e9conis\u00e9 par le Plan de relance (8 ha sur Garein dont 5 achet\u00e9s par la commune). La mairie a donc r\u00e9pondu \u00e0 2 appels \u00e0 projets du &#8220;fonds friche&#8221; qui vont permettre d&#8217;aller plus loin que l&#8217;acquisition et le d\u00e9mant\u00e8lement d\u00e9j\u00e0 subventionn\u00e9s par la R\u00e9gion Nouvelle Aquitaine.<\/p>\n\n\n\n<p><strong>Du centre bourg \u00e0 la scierie<\/strong><\/p>\n\n\n\n<p>Fort de ce travail de dossier et des subventions ainsi obtenues, &#8220;<em><strong>l&#8217;\u00e9norme chantier du centre bourg<\/strong><\/em>&#8221; va d\u00e9buter fin f\u00e9vrier, 25 ans apr\u00e8s les derniers am\u00e9nagements. Trois mois de travaux sont pr\u00e9vus pour r\u00e9duire et limiter les nuisances g\u00e9n\u00e9r\u00e9es par un trafic toujours plus important : 6 000 v\u00e9hicules empruntent chaque jour la RD 834 et traversent le bourg. Fruit de longues discussions, un accord a \u00e9t\u00e9 obtenu pour am\u00e9nager une zone 30 sur la route d\u00e9partementale, entre le Cercle et le restaurant. De plus et progressivement, des liaisons douces relieront les quartiers au centre bourg afin de s\u00e9curiser la circulation des pi\u00e9tons et des cyclistes.<\/p>\n\n\n\n<p>Puis en fin d&#8217;ann\u00e9e commencera la r\u00e9habilitation des 3 hangars \u00e0 charpente bois conserv\u00e9s sur la friche de la scierie. Ils accueilleront un atelier d&#8217;architectes et des espaces de &#8220;coworking&#8221; en lien avec l&#8217;architecture ; un lieu de cr\u00e9ation artistique et une &#8220;nurserie&#8221; d&#8217;entreprises permettant \u00e0 de jeunes entrepreneurs de faire leurs armes et un espace pour les adolescents : un bon plan !<\/p>\n\n\n\n<p><img src=\"http:\/\/labrit-roquefort.blogs.sudouest.fr\/media\/02\/00\/3621961783.JPG\" alt=\"IMG_8409.JPG\"><\/p>\n","protected":false},"excerpt":{"rendered":"<p>Publi\u00e9 le 26 janvier dans communes, travaux || Tags : garein \u00c0 d\u00e9faut d&#8217;intervention publique, le maire Philippe Sartre revient sur une studieuse ann\u00e9e 2021, pr\u00e9paratoire \u00e0 de grands travaux qui vont rythmer l&#8217;ann\u00e9e 2022. 2021 reste pour le maire une ann\u00e9e \u00e0 projets, \u00e9labor\u00e9s en regard du Plan de relance du gouvernement : &#8220;une <a class=\"read-more\" href=\"http:\/\/garein.fr\/?p=1679\">&#8230; En savoir plus &#8230;<\/a><\/p>\n","protected":false},"author":3,"featured_media":1682,"comment_status":"closed","ping_status":"open","sticky":false,"template":"","format":"standard","meta":[],"categories":[1],"tags":[],"_links":{"self":[{"href":"http:\/\/garein.fr\/index.php?rest_route=\/wp\/v2\/posts\/1679"}],"collection":[{"href":"http:\/\/garein.fr\/index.php?rest_route=\/wp\/v2\/posts"}],"about":[{"href":"http:\/\/garein.fr\/index.php?rest_route=\/wp\/v2\/types\/post"}],"author":[{"embeddable":true,"href":"http:\/\/garein.fr\/index.php?rest_route=\/wp\/v2\/users\/3"}],"replies":[{"embeddable":true,"href":"http:\/\/garein.fr\/index.php?rest_route=%2Fwp%2Fv2%2Fcomments&post=1679"}],"version-history":[{"count":1,"href":"http:\/\/garein.fr\/index.php?rest_route=\/wp\/v2\/posts\/1679\/revisions"}],"predecessor-version":[{"id":1681,"href":"http:\/\/garein.fr\/index.php?rest_route=\/wp\/v2\/posts\/1679\/revisions\/1681"}],"wp:featuredmedia":[{"embeddable":true,"href":"http:\/\/garein.fr\/index.php?rest_route=\/wp\/v2\/media\/1682"}],"wp:attachment":[{"href":"http:\/\/garein.fr\/index.php?rest_route=%2Fwp%2Fv2%2Fmedia&parent=1679"}],"wp:term":[{"taxonomy":"category","embeddable":true,"href":"http:\/\/garein.fr\/index.php?rest_route=%2Fwp%2Fv2%2Fcategories&post=1679"},{"taxonomy":"post_tag","embeddable":true,"href":"http:\/\/garein.fr\/index.php?rest_route=%2Fwp%2Fv2%2Ftags&post=1679"}],"curies":[{"name":"wp","href":"https:\/\/api.w.org\/{rel}","templated":true}]}}