{"id":1674,"date":"2022-01-25T12:39:03","date_gmt":"2022-01-25T11:39:03","guid":{"rendered":"http:\/\/garein.fr\/?p=1674"},"modified":"2022-01-26T19:42:14","modified_gmt":"2022-01-26T18:42:14","slug":"le-pass-culture-a-partir-de-15-ans-profitez-en","status":"publish","type":"post","link":"http:\/\/garein.fr\/?p=1674","title":{"rendered":"Le Pass Culture, \u00e0 partir de 15 ans, profitez-en"},"content":{"rendered":"\n<p>Le <a href=\"https:\/\/twitter.com\/hashtag\/PassCulture?src=hashtag_click\" target=\"_blank\" rel=\"noreferrer noopener\">#PassCulture<\/a> s&#8217;ouvre aujourd&#8217;hui aux 15-17 ans avec un cr\u00e9dit individuel pour leurs activit\u00e9s et sorties culturelles et un volet collectif destin\u00e9 aux \u00e9tablissements scolaires pour des projets d\u2019\u00e9ducation artistique et culturelle de la 4\u00e8me \u00e0 la Terminale. \u00c0 compter de cette date, et seulement pour les jeunes entre 15 et 17 ans, le montant allou\u00e9 annuellement sera divis\u00e9 en deux parties :<\/p>\n\n\n\n<p><strong>Une part individuelle<\/strong> sera disponible sur l&#8217;application mobile <a rel=\"noreferrer noopener\" target=\"_blank\" href=\"https:\/\/pass.culture.fr\/\">Pass culture<\/a> apr\u00e8s ouverture du compte personnel num\u00e9rique. Ces cr\u00e9dits seront vers\u00e9s en fonction de l&#8217;\u00e2ge&nbsp;:<\/p>\n\n\n\n<ul><li>20&nbsp;\u20ac pour les jeunes \u00e2g\u00e9s de 15&nbsp;ans&nbsp;;<\/li><li>30&nbsp;\u20ac pour les jeunes \u00e2g\u00e9s de 16 et 17&nbsp;ans.<br>Les sommes sont cumulables pendant la totalit\u00e9 du dispositif mais devront obligatoirement \u00eatre d\u00e9pens\u00e9es \u00e0 la majorit\u00e9 de l&#8217;individu. Si ce n&#8217;est pas le cas, ces cr\u00e9dits seront alors perdus.<\/li><\/ul>\n\n\n\n<p><strong>Une part collective<\/strong> sera allou\u00e9e aux \u00e9tablissements scolaires pour permettre des sorties scolaires (mus\u00e9es, spectacles vivants, s\u00e9ances de cin\u00e9ma, d\u00e9couverte de m\u00e9tier d&#8217;art&#8230;)&nbsp;:<\/p>\n\n\n\n<ul><li>25&nbsp;\u20ac par \u00e9l\u00e8ve de 4<sup>e<\/sup> et 3<sup>e<\/sup>&nbsp;;<\/li><li>30&nbsp;\u20ac par \u00e9l\u00e8ve de CAP et de seconde&nbsp;;<\/li><li>20&nbsp;\u20ac par \u00e9l\u00e8ve de premi\u00e8re et terminale.<\/li><\/ul>\n\n\n\n<p>Chaque \u00e9l\u00e8ve dispose d&#8217;un compte personnel num\u00e9rique permettant d&#8217;acqu\u00e9rir directement en ligne des biens culturels et de b\u00e9n\u00e9ficier des services culturels.Il faut t\u00e9l\u00e9charger sur un smartphone ou un ordinateur l&#8217;application d\u00e9di\u00e9e au pass Culture.<\/p>\n","protected":false},"excerpt":{"rendered":"<p>Le #PassCulture s&#8217;ouvre aujourd&#8217;hui aux 15-17 ans avec un cr\u00e9dit individuel pour leurs activit\u00e9s et sorties culturelles et un volet collectif destin\u00e9 aux \u00e9tablissements scolaires pour des projets d\u2019\u00e9ducation artistique et culturelle de la 4\u00e8me \u00e0 la Terminale. \u00c0 compter de cette date, et seulement pour les jeunes entre 15 et 17 ans, le montant <a class=\"read-more\" href=\"http:\/\/garein.fr\/?p=1674\">&#8230; En savoir plus &#8230;<\/a><\/p>\n","protected":false},"author":3,"featured_media":1677,"comment_status":"closed","ping_status":"open","sticky":false,"template":"","format":"standard","meta":[],"categories":[1],"tags":[],"_links":{"self":[{"href":"http:\/\/garein.fr\/index.php?rest_route=\/wp\/v2\/posts\/1674"}],"collection":[{"href":"http:\/\/garein.fr\/index.php?rest_route=\/wp\/v2\/posts"}],"about":[{"href":"http:\/\/garein.fr\/index.php?rest_route=\/wp\/v2\/types\/post"}],"author":[{"embeddable":true,"href":"http:\/\/garein.fr\/index.php?rest_route=\/wp\/v2\/users\/3"}],"replies":[{"embeddable":true,"href":"http:\/\/garein.fr\/index.php?rest_route=%2Fwp%2Fv2%2Fcomments&post=1674"}],"version-history":[{"count":4,"href":"http:\/\/garein.fr\/index.php?rest_route=\/wp\/v2\/posts\/1674\/revisions"}],"predecessor-version":[{"id":1684,"href":"http:\/\/garein.fr\/index.php?rest_route=\/wp\/v2\/posts\/1674\/revisions\/1684"}],"wp:featuredmedia":[{"embeddable":true,"href":"http:\/\/garein.fr\/index.php?rest_route=\/wp\/v2\/media\/1677"}],"wp:attachment":[{"href":"http:\/\/garein.fr\/index.php?rest_route=%2Fwp%2Fv2%2Fmedia&parent=1674"}],"wp:term":[{"taxonomy":"category","embeddable":true,"href":"http:\/\/garein.fr\/index.php?rest_route=%2Fwp%2Fv2%2Fcategories&post=1674"},{"taxonomy":"post_tag","embeddable":true,"href":"http:\/\/garein.fr\/index.php?rest_route=%2Fwp%2Fv2%2Ftags&post=1674"}],"curies":[{"name":"wp","href":"https:\/\/api.w.org\/{rel}","templated":true}]}}