{"id":1301,"date":"2021-10-26T15:12:34","date_gmt":"2021-10-26T13:12:34","guid":{"rendered":"http:\/\/garein.fr\/?p=1301"},"modified":"2021-12-18T10:09:02","modified_gmt":"2021-12-18T09:09:02","slug":"la-maison-sentucq","status":"publish","type":"post","link":"http:\/\/garein.fr\/?p=1301","title":{"rendered":"La maison Sentucq"},"content":{"rendered":"\n<p>La <strong>\u00ab&nbsp;Maison Sentucq&nbsp;\u00bb<\/strong> situ\u00e9e en c\u0153ur de village fait l\u2019objet d\u2019une r\u00e9habilitation&nbsp;qui offrira <strong>4 petits logements de 40m\u00b2 environ<\/strong>, ind\u00e9pendants, \u00e9quip\u00e9s aux besoins de mobilit\u00e9 r\u00e9duite des personnes \u00e2g\u00e9es, un cinqui\u00e8me logement plus grand est destin\u00e9 \u00e0 de plus \u00ab&nbsp;jeunes \u00bb dans une attention \u00e0 la mixit\u00e9 et diversit\u00e9 g\u00e9n\u00e9rationnelle. <\/p>\n\n\n\n<p><strong>Une salle commune permettra<\/strong> de continuer \u00e0 recevoir famille et amis et de partager des temps de convivialit\u00e9 avec ses voisins, un jardin commun prolonge le b\u00e2timent. Ce programme d\u2019habitat group\u00e9 permettra aux personnes \u00e2g\u00e9es de conserver leur autonomie dans un cadre de vie agr\u00e9able et s\u00e9curis\u00e9. Livraison : Avril 2022<\/p>\n","protected":false},"excerpt":{"rendered":"<p>La \u00ab&nbsp;Maison Sentucq&nbsp;\u00bb situ\u00e9e en c\u0153ur de village fait l\u2019objet d\u2019une r\u00e9habilitation&nbsp;qui offrira 4 petits logements de 40m\u00b2 environ, ind\u00e9pendants, \u00e9quip\u00e9s aux besoins de mobilit\u00e9 r\u00e9duite des personnes \u00e2g\u00e9es, un cinqui\u00e8me logement plus grand est destin\u00e9 \u00e0 de plus \u00ab&nbsp;jeunes \u00bb dans une attention \u00e0 la mixit\u00e9 et diversit\u00e9 g\u00e9n\u00e9rationnelle. Une salle commune permettra de <a class=\"read-more\" href=\"http:\/\/garein.fr\/?p=1301\">&#8230; En savoir plus &#8230;<\/a><\/p>\n","protected":false},"author":3,"featured_media":1641,"comment_status":"closed","ping_status":"open","sticky":false,"template":"","format":"standard","meta":[],"categories":[1],"tags":[],"_links":{"self":[{"href":"http:\/\/garein.fr\/index.php?rest_route=\/wp\/v2\/posts\/1301"}],"collection":[{"href":"http:\/\/garein.fr\/index.php?rest_route=\/wp\/v2\/posts"}],"about":[{"href":"http:\/\/garein.fr\/index.php?rest_route=\/wp\/v2\/types\/post"}],"author":[{"embeddable":true,"href":"http:\/\/garein.fr\/index.php?rest_route=\/wp\/v2\/users\/3"}],"replies":[{"embeddable":true,"href":"http:\/\/garein.fr\/index.php?rest_route=%2Fwp%2Fv2%2Fcomments&post=1301"}],"version-history":[{"count":10,"href":"http:\/\/garein.fr\/index.php?rest_route=\/wp\/v2\/posts\/1301\/revisions"}],"predecessor-version":[{"id":1657,"href":"http:\/\/garein.fr\/index.php?rest_route=\/wp\/v2\/posts\/1301\/revisions\/1657"}],"wp:featuredmedia":[{"embeddable":true,"href":"http:\/\/garein.fr\/index.php?rest_route=\/wp\/v2\/media\/1641"}],"wp:attachment":[{"href":"http:\/\/garein.fr\/index.php?rest_route=%2Fwp%2Fv2%2Fmedia&parent=1301"}],"wp:term":[{"taxonomy":"category","embeddable":true,"href":"http:\/\/garein.fr\/index.php?rest_route=%2Fwp%2Fv2%2Fcategories&post=1301"},{"taxonomy":"post_tag","embeddable":true,"href":"http:\/\/garein.fr\/index.php?rest_route=%2Fwp%2Fv2%2Ftags&post=1301"}],"curies":[{"name":"wp","href":"https:\/\/api.w.org\/{rel}","templated":true}]}}