{"id":1296,"date":"2021-10-26T14:53:41","date_gmt":"2021-10-26T12:53:41","guid":{"rendered":"http:\/\/garein.fr\/?p=1296"},"modified":"2021-12-17T10:03:26","modified_gmt":"2021-12-17T09:03:26","slug":"consultation-des-garinois-menee-par-lagence-detea","status":"publish","type":"post","link":"http:\/\/garein.fr\/?p=1296","title":{"rendered":"Consultation des Garinois men\u00e9e par l\u2019Agence Detea"},"content":{"rendered":"\n<p>La consultation concernant<strong> l<\/strong>\u2019<strong>\u00e9volution du projet de la boulangerie et les projets de r\u00e9habilitation de la friche Lassabe<\/strong> se poursuit. <\/p>\n\n\n\n<p>Trois ateliers en d\u00e9cembre pour continuer \u00e0 d\u00e9finir les besoins et les pistes de d\u00e9veloppements envisageables et un premier rendez-vous de restitution lors des v\u0153ux du Maire. <\/p>\n\n\n\n<p class=\"has-luminous-vivid-orange-color has-text-color\"><strong>Attention de prochains rendez-vous vont ponctuer ce d\u00e9but d\u2019ann\u00e9e jusqu\u2019aux floralies.<\/strong><\/p>\n\n\n\n<p><\/p>\n","protected":false},"excerpt":{"rendered":"<p>La consultation concernant l\u2019\u00e9volution du projet de la boulangerie et les projets de r\u00e9habilitation de la friche Lassabe se poursuit. Trois ateliers en d\u00e9cembre pour continuer \u00e0 d\u00e9finir les besoins et les pistes de d\u00e9veloppements envisageables et un premier rendez-vous de restitution lors des v\u0153ux du Maire. Attention de prochains rendez-vous vont ponctuer ce d\u00e9but <a class=\"read-more\" href=\"http:\/\/garein.fr\/?p=1296\">&#8230; En savoir plus &#8230;<\/a><\/p>\n","protected":false},"author":3,"featured_media":1643,"comment_status":"closed","ping_status":"open","sticky":false,"template":"","format":"standard","meta":[],"categories":[1],"tags":[],"_links":{"self":[{"href":"http:\/\/garein.fr\/index.php?rest_route=\/wp\/v2\/posts\/1296"}],"collection":[{"href":"http:\/\/garein.fr\/index.php?rest_route=\/wp\/v2\/posts"}],"about":[{"href":"http:\/\/garein.fr\/index.php?rest_route=\/wp\/v2\/types\/post"}],"author":[{"embeddable":true,"href":"http:\/\/garein.fr\/index.php?rest_route=\/wp\/v2\/users\/3"}],"replies":[{"embeddable":true,"href":"http:\/\/garein.fr\/index.php?rest_route=%2Fwp%2Fv2%2Fcomments&post=1296"}],"version-history":[{"count":3,"href":"http:\/\/garein.fr\/index.php?rest_route=\/wp\/v2\/posts\/1296\/revisions"}],"predecessor-version":[{"id":1308,"href":"http:\/\/garein.fr\/index.php?rest_route=\/wp\/v2\/posts\/1296\/revisions\/1308"}],"wp:featuredmedia":[{"embeddable":true,"href":"http:\/\/garein.fr\/index.php?rest_route=\/wp\/v2\/media\/1643"}],"wp:attachment":[{"href":"http:\/\/garein.fr\/index.php?rest_route=%2Fwp%2Fv2%2Fmedia&parent=1296"}],"wp:term":[{"taxonomy":"category","embeddable":true,"href":"http:\/\/garein.fr\/index.php?rest_route=%2Fwp%2Fv2%2Fcategories&post=1296"},{"taxonomy":"post_tag","embeddable":true,"href":"http:\/\/garein.fr\/index.php?rest_route=%2Fwp%2Fv2%2Ftags&post=1296"}],"curies":[{"name":"wp","href":"https:\/\/api.w.org\/{rel}","templated":true}]}}